{"id":1198,"date":"2024-09-25T19:20:44","date_gmt":"2024-09-25T17:20:44","guid":{"rendered":"https:\/\/memoriadelaredo.org\/?p=1198"},"modified":"2025-05-22T19:29:40","modified_gmt":"2025-05-22T17:29:40","slug":"homenaje-publico-a-antonio-ontanon","status":"publish","type":"post","link":"https:\/\/memoriadelaredo.org\/?p=1198","title":{"rendered":"Homenaje p\u00fablico a Antonio Onta\u00f1\u00f3n"},"content":{"rendered":"<p>[et_pb_section fb_built=\u00bb1&#8243; _builder_version=\u00bb4.25.2&#8243; _module_preset=\u00bbdefault\u00bb global_colors_info=\u00bb{}\u00bb][et_pb_row _builder_version=\u00bb4.25.2&#8243; _module_preset=\u00bbdefault\u00bb global_colors_info=\u00bb{}\u00bb][et_pb_column type=\u00bb4_4&#8243; _builder_version=\u00bb4.25.2&#8243; _module_preset=\u00bbdefault\u00bb global_colors_info=\u00bb{}\u00bb][et_pb_text _builder_version=\u00bb4.25.2&#8243; _module_preset=\u00bbdefault\u00bb global_colors_info=\u00bb{}\u00bb]<\/p>\n<h2>Memoria moral es sin\u00f3nimo de justicia y el ant\u00f3nimo de olvido es injusticia<\/h2>\n<p>Esta frase del fil\u00f3sofo Manuel-Reyes Mate, investigador de la memoria, los vencidos y el papel de la filosof\u00eda despu\u00e9s del Holocausto y Auschwitz, cierra el libro de Antonio, Rescatados del Olvido, con subt\u00edtulo \u201cFosas Comunes del Cementerio Civil de Santander\u201d, de Antonio Onta\u00f1\u00f3n, a quien venimos a felicitar en su 90 cumplea\u00f1os y rendir homenaje por su trabajo en el campo de la investigaci\u00f3n y la memoria.<\/p>\n<p>Se termin\u00f3 de imprimir el libro el 11 de febrero de 2003 y el 7 de marzo se present\u00f3 en lo que hoy es el Centro Cultural Tant\u00edn y presentado al presidente del Parlamento de Cantabria y en su persona a la C\u00e1mara Regional, que hab\u00eda subvencionado la publicaci\u00f3n.<\/p>\n<p>El 1 de abril, tuve el honor de presentar a Antonio para que nos hablara de su trabajo de investigaci\u00f3n y de su publicaci\u00f3n, en la Casa de Cultura de Laredo, convirtiendo por unas horas a Laredo en el centro de la memoria de Cantabria. Ese centro cultural se ha convertido en el centro sobre el que gira la mayor parte de la actividad de nuestra asociaci\u00f3n: all\u00ed nos presentamos el 11 de junio de 2011 y all\u00ed organizamos la presentaci\u00f3n de libros, la proyecci\u00f3n de documentales o las charlas coloquio sobre memoria y all\u00ed realizamos, el 11 de febrero de 2020, nuestro acto de referencia en nuestro curr\u00edculum: <strong>la despedida del \u00faltimo deportado c\u00e1ntabro fallecido<\/strong> el mes anterior, acto que nos encarg\u00f3 la entonces alcaldesa, Charo Losa, miembro de nuestro colectivo y hoy presente en este acto en nuestra delegaci\u00f3n.<\/p>\n<p>Tengo que pedirte disculpas, Antonio, porque aquel acto que result\u00f3 modesto, ya que apenas pude organizarlo dada mi dedicaci\u00f3n profesional: un cartel y su distribuci\u00f3n y una nota de prensa. Creo que la repercusi\u00f3n, estando limitada, fue m\u00e1s que aceptable. Laredo te lo compens\u00f3 a\u00f1os despu\u00e9s, en la legislatura 2015-2019, en que una agrupaci\u00f3n electoral presente en el ayuntamiento, organiz\u00f3 una jornada de memoria a la que te invitaron, que tuvieron una mayor audiencia y que me consta que dej\u00f3 una profunda huella y permanece en tu recuerdo.<\/p>\n<p>Pero aquella carencia personal, me ha guiado en el trabajo de localizaci\u00f3n de v\u00edctimas que hemos emprendido en la comarca de Laredo y en mi direcci\u00f3n de los trabajos de la asociaci\u00f3n. Antes de aquel 1 de abril de 2003, ya conoc\u00eda a Antonio de mis a\u00f1os de militancia en Santander. De alguna manera, contribu\u00ed en los trabajos de Antonio en el Cementerio de Ciriego, representando al sindicato al que pertenec\u00eda en las reuniones para erigir el primer monumento en recuerdo de los asesinados en aquel cementerio por defender la legalidad vigente en 1936 y los valores de la Rep\u00fablica. Tambi\u00e9n me correspondi\u00f3 coordinar en dicho sindicato la recogida de fondos para el monumento.<\/p>\n<p>Tambi\u00e9n coincidimos en alguna que otra reuni\u00f3n para la puesta en marcha de un proyecto pol\u00edtico y tuve muchas oportunidades de conversar con Antonio de m\u00faltiples temas, por lo que puedo considerarte un amigo.<\/p>\n<p>Gracias Antonio, por toda una vida de dedicaci\u00f3n a proyectos colectivos y d\u00e9jame, deja a nuestra modesta asociaci\u00f3n, que te consideremos un compa\u00f1ero y un amigo.<\/p>\n<p>Salud y Rep\u00fablica, maestro!!<\/p>\n<p>&nbsp;<\/p>\n<p>[\/et_pb_text][et_pb_divider show_divider=\u00bboff\u00bb _builder_version=\u00bb4.25.2&#8243; _module_preset=\u00bbdefault\u00bb global_colors_info=\u00bb{}\u00bb][\/et_pb_divider][et_pb_gallery gallery_ids=\u00bb1202,1203,1205,1206,1207,1208,1209,1210,1211,1212,1215,1217,1218,1219&#8243; show_title_and_caption=\u00bboff\u00bb _builder_version=\u00bb4.25.2&#8243; _module_preset=\u00bbdefault\u00bb global_colors_info=\u00bb{}\u00bb][\/et_pb_gallery][\/et_pb_column][\/et_pb_row][\/et_pb_section]<\/p>\n","protected":false},"excerpt":{"rendered":"<p>Memoria moral es sin\u00f3nimo de justicia y el ant\u00f3nimo de olvido es injusticia Esta frase del fil\u00f3sofo Manuel-Reyes Mate, investigador de la memoria, los vencidos y el papel de la filosof\u00eda despu\u00e9s del Holocausto y Auschwitz, cierra el libro de Antonio, Rescatados del Olvido, con subt\u00edtulo \u201cFosas Comunes del Cementerio Civil de Santander\u201d, de Antonio [&hellip;]<\/p>\n","protected":false},"author":3,"featured_media":1201,"comment_status":"open","ping_status":"open","sticky":false,"template":"","format":"standard","meta":{"_et_pb_use_builder":"on","_et_pb_old_content":"","_et_gb_content_width":"","om_disable_all_campaigns":false,"_monsterinsights_skip_tracking":false,"_monsterinsights_sitenote_active":false,"_monsterinsights_sitenote_note":"","_monsterinsights_sitenote_category":0,"footnotes":""},"categories":[41],"tags":[42],"class_list":["post-1198","post","type-post","status-publish","format-standard","has-post-thumbnail","hentry","category-homenajes","tag-antonio-ontanon"],"aioseo_notices":[],"_links":{"self":[{"href":"https:\/\/memoriadelaredo.org\/index.php?rest_route=\/wp\/v2\/posts\/1198","targetHints":{"allow":["GET"]}}],"collection":[{"href":"https:\/\/memoriadelaredo.org\/index.php?rest_route=\/wp\/v2\/posts"}],"about":[{"href":"https:\/\/memoriadelaredo.org\/index.php?rest_route=\/wp\/v2\/types\/post"}],"author":[{"embeddable":true,"href":"https:\/\/memoriadelaredo.org\/index.php?rest_route=\/wp\/v2\/users\/3"}],"replies":[{"embeddable":true,"href":"https:\/\/memoriadelaredo.org\/index.php?rest_route=%2Fwp%2Fv2%2Fcomments&post=1198"}],"version-history":[{"count":4,"href":"https:\/\/memoriadelaredo.org\/index.php?rest_route=\/wp\/v2\/posts\/1198\/revisions"}],"predecessor-version":[{"id":1222,"href":"https:\/\/memoriadelaredo.org\/index.php?rest_route=\/wp\/v2\/posts\/1198\/revisions\/1222"}],"wp:featuredmedia":[{"embeddable":true,"href":"https:\/\/memoriadelaredo.org\/index.php?rest_route=\/wp\/v2\/media\/1201"}],"wp:attachment":[{"href":"https:\/\/memoriadelaredo.org\/index.php?rest_route=%2Fwp%2Fv2%2Fmedia&parent=1198"}],"wp:term":[{"taxonomy":"category","embeddable":true,"href":"https:\/\/memoriadelaredo.org\/index.php?rest_route=%2Fwp%2Fv2%2Fcategories&post=1198"},{"taxonomy":"post_tag","embeddable":true,"href":"https:\/\/memoriadelaredo.org\/index.php?rest_route=%2Fwp%2Fv2%2Ftags&post=1198"}],"curies":[{"name":"wp","href":"https:\/\/api.w.org\/{rel}","templated":true}]}}