{"id":1239,"date":"2024-10-10T09:41:49","date_gmt":"2024-10-10T07:41:49","guid":{"rendered":"https:\/\/memoriadelaredo.org\/?p=1239"},"modified":"2025-05-23T09:48:07","modified_gmt":"2025-05-23T07:48:07","slug":"presentacion-del-libro-comic-las-hogueras-de-el-pertus","status":"publish","type":"post","link":"https:\/\/memoriadelaredo.org\/?p=1239","title":{"rendered":"Presentaci\u00f3n del libro-comic Las Hogueras de El Pertus"},"content":{"rendered":"<p>[et_pb_section fb_built=\u00bb1&#8243; theme_builder_area=\u00bbpost_content\u00bb _builder_version=\u00bb4.25.2&#8243; _module_preset=\u00bbdefault\u00bb][et_pb_row _builder_version=\u00bb4.25.2&#8243; _module_preset=\u00bbdefault\u00bb theme_builder_area=\u00bbpost_content\u00bb][et_pb_column _builder_version=\u00bb4.25.2&#8243; _module_preset=\u00bbdefault\u00bb type=\u00bb4_4&#8243; theme_builder_area=\u00bbpost_content\u00bb][et_pb_text _builder_version=\u00bb4.25.2&#8243; _module_preset=\u00bbdefault\u00bb theme_builder_area=\u00bbpost_content\u00bb hover_enabled=\u00bb0&#8243; sticky_enabled=\u00bb0&#8243;]<\/p>\n<h1>En la Casa de Cultura de Laredo. Jueves 17 de octubre a las 19:00<\/h1>\n<h2>Con la presencia del autor: Alberto V\u00e1zquez Garcia<\/h2>\n<p>[\/et_pb_text][et_pb_text _builder_version=\u00bb4.25.2&#8243; _module_preset=\u00bbdefault\u00bb theme_builder_area=\u00bbpost_content\u00bb hover_enabled=\u00bb0&#8243; sticky_enabled=\u00bb0&#8243;]<\/p>\n<p>Espa\u00f1a, febrero del a\u00f1o 1939. Los invasores se acercaban y cientos de miles de personas hu\u00edan hacia la frontera francesa bajo las bombas de los aviones extranjeros.<\/p>\n<p>La noche del 27 de enero Francia abre la frontera para los civiles, el 5 de febrero para los soldados. Y en la frontera, los gendarmes separaron a las familias: hombres para un lado, mujeres y ni\u00f1os para otro. Era un plan para debilitarlos, un chantaje. La unidad familiar s\u00f3lo se conceder\u00eda aceptando volver a Espa\u00f1a.<\/p>\n<p>A las mujeres y ni\u00f1os se los llevaron al norte. Los metieron en f\u00e1bricas abandonadas, en grupos peque\u00f1os, en m\u00e1s de 900 lugares diferentes.<\/p>\n<p>Aquel invierno fue uno de los m\u00e1s fr\u00edos. Los hombres, por decenas de miles, fueron arrojados a las playas del Mediterr\u00e1neo, entre alambradas. Arena, cielo, viento y mar. Sin ninguna estructura donde guarecerse. Sin agua potable. O volv\u00edan a Espa\u00f1a o all\u00ed se mor\u00edan. Dorm\u00edan haciendo agujeros en la arena para protegerse del clima y, cada ma\u00f1ana, el d\u00eda empezaba con las playas llenas de cad\u00e1veres.<\/p>\n<p>[\/et_pb_text][\/et_pb_column][\/et_pb_row][\/et_pb_section]<\/p>\n","protected":false},"excerpt":{"rendered":"<p>En la Casa de Cultura de Laredo. Jueves 17 de octubre a las 19:00 Con la presencia del autor: Alberto V\u00e1zquez GarciaEspa\u00f1a, febrero del a\u00f1o 1939. Los invasores se acercaban y cientos de miles de personas hu\u00edan hacia la frontera francesa bajo las bombas de los aviones extranjeros. La noche del 27 de enero Francia [&hellip;]<\/p>\n","protected":false},"author":3,"featured_media":1242,"comment_status":"open","ping_status":"open","sticky":false,"template":"","format":"standard","meta":{"_et_pb_use_builder":"on","_et_pb_old_content":"","_et_gb_content_width":"","om_disable_all_campaigns":false,"_monsterinsights_skip_tracking":false,"_monsterinsights_sitenote_active":false,"_monsterinsights_sitenote_note":"","_monsterinsights_sitenote_category":0,"footnotes":""},"categories":[3,6],"tags":[],"class_list":["post-1239","post","type-post","status-publish","format-standard","has-post-thumbnail","hentry","category-conferencias","category-presentaciones-de-libros"],"aioseo_notices":[],"_links":{"self":[{"href":"https:\/\/memoriadelaredo.org\/index.php?rest_route=\/wp\/v2\/posts\/1239","targetHints":{"allow":["GET"]}}],"collection":[{"href":"https:\/\/memoriadelaredo.org\/index.php?rest_route=\/wp\/v2\/posts"}],"about":[{"href":"https:\/\/memoriadelaredo.org\/index.php?rest_route=\/wp\/v2\/types\/post"}],"author":[{"embeddable":true,"href":"https:\/\/memoriadelaredo.org\/index.php?rest_route=\/wp\/v2\/users\/3"}],"replies":[{"embeddable":true,"href":"https:\/\/memoriadelaredo.org\/index.php?rest_route=%2Fwp%2Fv2%2Fcomments&post=1239"}],"version-history":[{"count":2,"href":"https:\/\/memoriadelaredo.org\/index.php?rest_route=\/wp\/v2\/posts\/1239\/revisions"}],"predecessor-version":[{"id":1243,"href":"https:\/\/memoriadelaredo.org\/index.php?rest_route=\/wp\/v2\/posts\/1239\/revisions\/1243"}],"wp:featuredmedia":[{"embeddable":true,"href":"https:\/\/memoriadelaredo.org\/index.php?rest_route=\/wp\/v2\/media\/1242"}],"wp:attachment":[{"href":"https:\/\/memoriadelaredo.org\/index.php?rest_route=%2Fwp%2Fv2%2Fmedia&parent=1239"}],"wp:term":[{"taxonomy":"category","embeddable":true,"href":"https:\/\/memoriadelaredo.org\/index.php?rest_route=%2Fwp%2Fv2%2Fcategories&post=1239"},{"taxonomy":"post_tag","embeddable":true,"href":"https:\/\/memoriadelaredo.org\/index.php?rest_route=%2Fwp%2Fv2%2Ftags&post=1239"}],"curies":[{"name":"wp","href":"https:\/\/api.w.org\/{rel}","templated":true}]}}