{"id":1280,"date":"2025-11-17T18:57:31","date_gmt":"2025-11-17T17:57:31","guid":{"rendered":"https:\/\/memoriadelaredo.org\/?p=1280"},"modified":"2025-11-17T18:57:35","modified_gmt":"2025-11-17T17:57:35","slug":"presentacion-en-ramales-del-libro-emilia-susana-historia-de-una-familia-emigracion-republica-guerra-espanola","status":"publish","type":"post","link":"https:\/\/memoriadelaredo.org\/?p=1280","title":{"rendered":"Presentaci\u00f3n en Ramales del libro Emilia Susana, Historia de una familia: Emigraci\u00f3n, Rep\u00fablica, Guerra espa\u00f1ola"},"content":{"rendered":"<p>[et_pb_section fb_built=\u00bb1&#8243; theme_builder_area=\u00bbpost_content\u00bb _builder_version=\u00bb4.25.2&#8243; _module_preset=\u00bbdefault\u00bb][et_pb_row _builder_version=\u00bb4.25.2&#8243; _module_preset=\u00bbdefault\u00bb theme_builder_area=\u00bbpost_content\u00bb][et_pb_column _builder_version=\u00bb4.25.2&#8243; _module_preset=\u00bbdefault\u00bb type=\u00bb4_4&#8243; theme_builder_area=\u00bbpost_content\u00bb][et_pb_text _builder_version=\u00bb4.25.2&#8243; _module_preset=\u00bbdefault\u00bb theme_builder_area=\u00bbpost_content\u00bb hover_enabled=\u00bb0&#8243; sticky_enabled=\u00bb0&#8243;]<\/p>\n<p style=\"text-align: center;\"><strong>CON LA PRESENCIA DE LA COAUTORA, ANABEL RASC\u00d3N<\/strong><\/p>\n<p><strong>MI\u00c9RCOLES, 19 DE NOVIEMBRE DE 2025, A LAS 18.00 HORAS,\u00a0 EN EL SAL\u00d3N DE ACTOS DE LA BIBLIOTECA DE RAMALES DE LA VICTORIA<\/strong><\/p>\n<p>[\/et_pb_text][et_pb_divider _builder_version=\u00bb4.25.2&#8243; _module_preset=\u00bbdefault\u00bb theme_builder_area=\u00bbpost_content\u00bb show_divider=\u00bboff\u00bb hover_enabled=\u00bb0&#8243; sticky_enabled=\u00bb0&#8243;][\/et_pb_divider][et_pb_text _builder_version=\u00bb4.25.2&#8243; _module_preset=\u00bbdefault\u00bb theme_builder_area=\u00bbpost_content\u00bb hover_enabled=\u00bb0&#8243; sticky_enabled=\u00bb0&#8243;]<\/p>\n<p>Tras haber sido presentado en <a title=\"Emilia Susana\" href=\"https:\/\/memoriadelaredo.org\/?p=851\">Castro Urdiales<\/a>, donde nacieron y vivieron los hijos del segundo matrimonio de Juan Salvador Ateca, en Santander y en <a title=\"Presentaci\u00f3n del libro Emilia Susana\" href=\"https:\/\/memoriadelaredo.org\/?p=913\">Laredo<\/a>, en todas las presentaciones de la mano de una de las coautoras y del Colectivo Memoria de Laredo, el mi\u00e9rcoles d\u00eda 19, a partir de las 18:00 horas, presentamos en Ramales de la Victoria un libro que narra una historia familiar, escrito de forma conjunta por tres descendientes, una desde Espa\u00f1a y dos en Argentina, en la que aparecen vivencias de Emigraci\u00f3n y del paso de la II Rep\u00fablica, la Guerra de Espa\u00f1a y la Represi\u00f3n, que se ceba especialmente con los hombres de la familia. El padre, se hab\u00eda establecido en Urdiales, entonces una pedan\u00eda de Castro, proveniente de la vecina Ampuero, del Barrio de Hoz de Marr\u00f3n, junto al Santuario de la Bien Aparecida, y en toda la comarca se ha diseminado ampliamente el apellido Ateca, si bien la historia de la rama castre\u00f1a era totalmente ignorada.<\/p>\n<p>Es un relato vivo, elaborado desde el testimonio de los protagonistas que sobrevivieron a aquella experiencia, trasmitido de forma coral a todos los descendientes y una profunda investigaci\u00f3n en cuantos archivos u organismos, para confirmar que lo trasmitido est\u00e1 soportado en las se\u00f1ales documentales que dejaron los represores.<\/p>\n<p>Ese relato forma parte de la Memoria Democr\u00e1tica de Castro Urdiales, la primera localidad c\u00e1ntabra que cay\u00f3 en manos de los sublevados y que, siendo una localidad importante (la tercera de la provincia entonces) y con una gran actividad pol\u00edtica y social, sufri\u00f3 una tremenda represi\u00f3n: es una parte de la Memoria de Cantabria.<\/p>\n<p>El Colectivo Memoria de Laredo estuvo en octubre en Castro Urdiales con la Exposici\u00f3n \u00ab<a title=\"La Exposici\u00f3n del Colectivo Memoria de Laredo se va a Castro Urdiales\" href=\"https:\/\/memoriadelaredo.org\/?p=86\">Un Proyecto para la Memoria Loca<\/a>l\u00bb y trabajando sobre parte de las numerosas v\u00edctimas de Castro que hab\u00edamos intuido se hab\u00edan producido.<\/p>\n<p>El libro viene a avalar la propuesta de dicho colectivo sobre la necesidad de profundizar en el estudio de la represi\u00f3n en Castro y la obligaci\u00f3n de realizar actos de Reparaci\u00f3n de algunos de los casos m\u00e1s graves. Castro era la tercera poblaci\u00f3n de Cantabria y, sin duda, una de las m\u00e1s politizadas, por aglutinar miner\u00eda, ferrocarril y ser pionera en la transformaci\u00f3n en Cantabria del sistema pesquero, al incorporar los avances de la industria como el motor de vapor, imitando a los vecinos pescadores vascos que tambi\u00e9n trasmiten en parte su ideolog\u00eda y su visi\u00f3n de las cosas.<\/p>\n<div id=\"attachment_1284\" style=\"width: 248px\" class=\"wp-caption alignright\"><img loading=\"lazy\" decoding=\"async\" aria-describedby=\"caption-attachment-1284\" class=\"wp-image-1284 size-full\" src=\"https:\/\/memoriadelaredo.org\/wp-content\/uploads\/2025\/11\/El-ampuerense-de-Hoz-de-Marron-Juan-Salvador-Ateca.jpg\" alt=\"Juan Salvador Ateca\" width=\"238\" height=\"481\" \/><p id=\"caption-attachment-1284\" class=\"wp-caption-text\">Juan Salvador Ateca<\/p><\/div>\n<p>El objetivo de los sublevados al ejercer la violencia como m\u00e9todo de conseguir silenciar a la poblaci\u00f3n queda patente en la conversaci\u00f3n de Juan Salvador Ateca, con un antiguo compa\u00f1ero de trabajo que le visita:<\/p>\n<blockquote>\n<p>Juan: Conf\u00edo en que en un futuro se sabr\u00e1 la verdad: Me mantiene vivo la esperanza de que la dictadura caiga y se haga justicia.<\/p>\n<p>Amigo: No s\u00e9 Juan. \u00bfOjal\u00e1! Yo tambi\u00e9n lo espero. Sin embargo, me temo que todav\u00eda tendremos que oir multitud de falsedades.<\/p>\n<p>Juan: Lo que peor llevo es el silencio obligado, el no poder gritar esta injusticia. A veces, aprieta por dentro y me quita la respiraci\u00f3n, me ahoga. Por eso el hablar contigo me ha sentado bien. Gracias Manolo, por la visita.<\/p>\n<\/blockquote>\n<p>La Presentaci\u00f3n del libro, Emilia Susana; tendr\u00e1 lugar en el Sal\u00f3n de Actos de la Biblioteca de Ramales de la Victoria y contar\u00e1 con la presencia de la coautora espa\u00f1ola, la castre\u00f1a Anabel Rasc\u00f3n.<\/p>\n<p>[\/et_pb_text][\/et_pb_column][\/et_pb_row][\/et_pb_section]<\/p>\n","protected":false},"excerpt":{"rendered":"<p>CON LA PRESENCIA DE LA COAUTORA, ANABEL RASC\u00d3N MI\u00c9RCOLES, 19 DE NOVIEMBRE DE 2025, A LAS 18.00 HORAS,\u00a0 EN EL SAL\u00d3N DE ACTOS DE LA BIBLIOTECA DE RAMALES DE LA VICTORIATras haber sido presentado en Castro Urdiales, donde nacieron y vivieron los hijos del segundo matrimonio de Juan Salvador Ateca, en Santander y en Laredo, [&hellip;]<\/p>\n","protected":false},"author":3,"featured_media":1281,"comment_status":"open","ping_status":"open","sticky":false,"template":"","format":"standard","meta":{"_et_pb_use_builder":"on","_et_pb_old_content":"","_et_gb_content_width":"","om_disable_all_campaigns":false,"_monsterinsights_skip_tracking":false,"_monsterinsights_sitenote_active":false,"_monsterinsights_sitenote_note":"","_monsterinsights_sitenote_category":0,"footnotes":""},"categories":[6],"tags":[39],"class_list":["post-1280","post","type-post","status-publish","format-standard","has-post-thumbnail","hentry","category-presentaciones-de-libros","tag-ramales-de-la-victoria"],"aioseo_notices":[],"_links":{"self":[{"href":"https:\/\/memoriadelaredo.org\/index.php?rest_route=\/wp\/v2\/posts\/1280","targetHints":{"allow":["GET"]}}],"collection":[{"href":"https:\/\/memoriadelaredo.org\/index.php?rest_route=\/wp\/v2\/posts"}],"about":[{"href":"https:\/\/memoriadelaredo.org\/index.php?rest_route=\/wp\/v2\/types\/post"}],"author":[{"embeddable":true,"href":"https:\/\/memoriadelaredo.org\/index.php?rest_route=\/wp\/v2\/users\/3"}],"replies":[{"embeddable":true,"href":"https:\/\/memoriadelaredo.org\/index.php?rest_route=%2Fwp%2Fv2%2Fcomments&post=1280"}],"version-history":[{"count":2,"href":"https:\/\/memoriadelaredo.org\/index.php?rest_route=\/wp\/v2\/posts\/1280\/revisions"}],"predecessor-version":[{"id":1285,"href":"https:\/\/memoriadelaredo.org\/index.php?rest_route=\/wp\/v2\/posts\/1280\/revisions\/1285"}],"wp:featuredmedia":[{"embeddable":true,"href":"https:\/\/memoriadelaredo.org\/index.php?rest_route=\/wp\/v2\/media\/1281"}],"wp:attachment":[{"href":"https:\/\/memoriadelaredo.org\/index.php?rest_route=%2Fwp%2Fv2%2Fmedia&parent=1280"}],"wp:term":[{"taxonomy":"category","embeddable":true,"href":"https:\/\/memoriadelaredo.org\/index.php?rest_route=%2Fwp%2Fv2%2Fcategories&post=1280"},{"taxonomy":"post_tag","embeddable":true,"href":"https:\/\/memoriadelaredo.org\/index.php?rest_route=%2Fwp%2Fv2%2Ftags&post=1280"}],"curies":[{"name":"wp","href":"https:\/\/api.w.org\/{rel}","templated":true}]}}