{"id":614,"date":"2019-10-30T00:02:42","date_gmt":"2019-10-29T23:02:42","guid":{"rendered":"https:\/\/memoriadelaredo.org\/?p=614"},"modified":"2019-10-30T00:02:42","modified_gmt":"2019-10-29T23:02:42","slug":"dias-de-fuego-y-sangre-la-batalla-de-santander","status":"publish","type":"post","link":"https:\/\/memoriadelaredo.org\/?p=614","title":{"rendered":"D\u00edas de fuego y sangre. La batalla de Santander"},"content":{"rendered":"<p>[et_pb_section fb_built=\u00bb1&#8243; _builder_version=\u00bb4.27.0&#8243; _module_preset=\u00bbdefault\u00bb global_colors_info=\u00bb{}\u00bb][et_pb_row _builder_version=\u00bb4.27.0&#8243; _module_preset=\u00bbdefault\u00bb global_colors_info=\u00bb{}\u00bb][et_pb_column type=\u00bb4_4&#8243; _builder_version=\u00bb4.27.0&#8243; _module_preset=\u00bbdefault\u00bb global_colors_info=\u00bb{}\u00bb][et_pb_text _builder_version=\u00bb4.27.0&#8243; _module_preset=\u00bbdefault\u00bb global_colors_info=\u00bb{}\u00bb]<\/p>\n<p>La Asociaci\u00f3n Memorialista local \u201cColectivo memoria de Laredo\u201d ha organizado un acto de presentaci\u00f3n del libro del Doctor en Historia por la Universidad de Cantabria, Miguel \u00c1ngel Solla Guti\u00e9rrez, para este mi\u00e9rcoles 30, a las 8 de la tarde, en la Casa de Cultura de Laredo.<\/p>\n<p>La Editorial LIBRUCOS\/Ram\u00f3n Villegas L\u00f3pez, se dirigi\u00f3 a nuestra Asociaci\u00f3n para solicitarnos la colaboraci\u00f3n en la organizaci\u00f3n de este acto en nuestra Villa al conocer nuestra existencia, objetivos y propuestas para lograrlos.<\/p>\n<p>En efecto, el Colectivo Memoria de Laredo tiene entre sus objetivos promover, apoyar y difundir el rescate de la Memoria Colectiva y Democr\u00e1tica, entre otros, y para lograr los mismos se propone la realizaci\u00f3n de actividades encaminadas a dar a conocer hechos que dieron lugar a la Guerra de Espa\u00f1a y la posterior represi\u00f3n mediante actos p\u00fablicos, entre ellos la presentaci\u00f3n de libros.<\/p>\n<p><a href=\"https:\/\/dialnet.unirioja.es\/servlet\/autor?codigo=76346\" target=\"_blank\" rel=\"noopener\">Miguel \u00c1ngel Solla<\/a>, como se indica arriba, es Doctor en Historia y miembro del Centro de Estudios Monta\u00f1eses. En 2006 recibe el XIV Premio de Historia Regional Manuel Teira Ciudad de Torrelavega. Sus investigaciones se han centrado en la Historia de Cantabria, especialmente en los a\u00f1os de la II Rep\u00fablica y la Guerra Civil. Es autor de diversas obras editadas y de numerosos art\u00edculos y ha colaborado en diversas publicaciones colectivas y participado en varios congresos nacionales e internacionales.<\/p>\n<p>[\/et_pb_text][et_pb_gallery gallery_ids=\u00bb620,621,619,618&#8243; show_title_and_caption=\u00bboff\u00bb show_pagination=\u00bboff\u00bb _builder_version=\u00bb4.27.0&#8243; _module_preset=\u00bbdefault\u00bb global_colors_info=\u00bb{}\u00bb][\/et_pb_gallery][\/et_pb_column][\/et_pb_row][\/et_pb_section]<\/p>\n","protected":false},"excerpt":{"rendered":"<p>La Asociaci\u00f3n Memorialista local \u201cColectivo memoria de Laredo\u201d ha organizado un acto de presentaci\u00f3n del libro del Doctor en Historia por la Universidad de Cantabria, Miguel \u00c1ngel Solla Guti\u00e9rrez, para este mi\u00e9rcoles 30, a las 8 de la tarde, en la Casa de Cultura de Laredo. La Editorial LIBRUCOS\/Ram\u00f3n Villegas L\u00f3pez, se dirigi\u00f3 a nuestra [&hellip;]<\/p>\n","protected":false},"author":3,"featured_media":616,"comment_status":"open","ping_status":"open","sticky":false,"template":"","format":"standard","meta":{"_et_pb_use_builder":"on","_et_pb_old_content":"","_et_gb_content_width":"","om_disable_all_campaigns":false,"_monsterinsights_skip_tracking":false,"_monsterinsights_sitenote_active":false,"_monsterinsights_sitenote_note":"","_monsterinsights_sitenote_category":0,"footnotes":""},"categories":[6],"tags":[14,20],"class_list":["post-614","post","type-post","status-publish","format-standard","has-post-thumbnail","hentry","category-presentaciones-de-libros","tag-laredo","tag-miguel-angel-solla"],"aioseo_notices":[],"_links":{"self":[{"href":"https:\/\/memoriadelaredo.org\/index.php?rest_route=\/wp\/v2\/posts\/614","targetHints":{"allow":["GET"]}}],"collection":[{"href":"https:\/\/memoriadelaredo.org\/index.php?rest_route=\/wp\/v2\/posts"}],"about":[{"href":"https:\/\/memoriadelaredo.org\/index.php?rest_route=\/wp\/v2\/types\/post"}],"author":[{"embeddable":true,"href":"https:\/\/memoriadelaredo.org\/index.php?rest_route=\/wp\/v2\/users\/3"}],"replies":[{"embeddable":true,"href":"https:\/\/memoriadelaredo.org\/index.php?rest_route=%2Fwp%2Fv2%2Fcomments&post=614"}],"version-history":[{"count":0,"href":"https:\/\/memoriadelaredo.org\/index.php?rest_route=\/wp\/v2\/posts\/614\/revisions"}],"wp:featuredmedia":[{"embeddable":true,"href":"https:\/\/memoriadelaredo.org\/index.php?rest_route=\/wp\/v2\/media\/616"}],"wp:attachment":[{"href":"https:\/\/memoriadelaredo.org\/index.php?rest_route=%2Fwp%2Fv2%2Fmedia&parent=614"}],"wp:term":[{"taxonomy":"category","embeddable":true,"href":"https:\/\/memoriadelaredo.org\/index.php?rest_route=%2Fwp%2Fv2%2Fcategories&post=614"},{"taxonomy":"post_tag","embeddable":true,"href":"https:\/\/memoriadelaredo.org\/index.php?rest_route=%2Fwp%2Fv2%2Ftags&post=614"}],"curies":[{"name":"wp","href":"https:\/\/api.w.org\/{rel}","templated":true}]}}