{"id":86,"date":"2024-09-30T18:00:50","date_gmt":"2024-09-30T16:00:50","guid":{"rendered":"https:\/\/memoriadelaredo.org\/?p=1"},"modified":"2025-05-23T09:39:36","modified_gmt":"2025-05-23T07:39:36","slug":"expo-cml-castro","status":"publish","type":"post","link":"https:\/\/memoriadelaredo.org\/?p=86","title":{"rendered":"La Exposici\u00f3n del Colectivo Memoria de Laredo se va a Castro Urdiales"},"content":{"rendered":"<p>[et_pb_section fb_built=\u00bb1&#8243; _builder_version=\u00bb4.27.0&#8243; _module_preset=\u00bbdefault\u00bb global_colors_info=\u00bb{}\u00bb][et_pb_row _builder_version=\u00bb4.27.0&#8243; _module_preset=\u00bbdefault\u00bb global_colors_info=\u00bb{}\u00bb][et_pb_column type=\u00bb4_4&#8243; _builder_version=\u00bb4.27.0&#8243; _module_preset=\u00bbdefault\u00bb global_colors_info=\u00bb{}\u00bb][et_pb_text _builder_version=\u00bb4.27.0&#8243; _module_preset=\u00bbdefault\u00bb global_colors_info=\u00bb{}\u00bb]<\/p>\n<h1><img loading=\"lazy\" decoding=\"async\" class=\"wp-image-485  alignright\" src=\"https:\/\/memoriadelaredo.org\/wp-content\/uploads\/2023\/12\/cartel_expo_octubre_Castro.jpeg\" alt=\"\" width=\"326\" height=\"460\" \/>Exposici\u00f3n en Castro Urdiales del 4 de octubre al 3 de noviembre 2024<\/h1>\n<p>Una de nuestras labores m\u00e1s importantes es la de divulgar nuestra actividad lo m\u00e1ximo posible.<\/p>\n<p>En esta ocasi\u00f3n estaremos en Castro Urdiales mostrando nuestro proyecto de memoria local. La exposici\u00f3n se aloja en el Centro Cultural <a href=\"https:\/\/www.google.com\/maps\/dir\/\/Chalet+de+los+San+Mart%C3%ADn,+C.+Mar%C3%ADa+Aburto,+4,+39700+Castro-Urdiales,+Cantabria\/@43.3769363,-3.2970904,12z\/data=!4m8!4m7!1m0!1m5!1m1!1s0xd4ef3cb92500351:0x5f830cb7a234a83!2m2!1d-3.2146897!2d43.3769659?entry=ttu&amp;g_ep=EgoyMDI0MDkxNi4wIKXMDSoASAFQAw%3D%3D\" target=\"_blank\" rel=\"noopener\">La Residencia<\/a>, en la calle Mar\u00eda Aburto, 4. Como en el resto de ocasiones, haremos una charla a modo de inauguraci\u00f3n en la que hablaremos sobre la memoria local y las v\u00edctimas del franquismo en Castro Urdiales.<\/p>\n<p>[\/et_pb_text][\/et_pb_column][\/et_pb_row][et_pb_row _builder_version=\u00bb4.25.2&#8243; _module_preset=\u00bbdefault\u00bb][et_pb_column _builder_version=\u00bb4.25.2&#8243; _module_preset=\u00bbdefault\u00bb type=\u00bb4_4&#8243;][et_pb_gallery _builder_version=\u00bb4.25.2&#8243; _module_preset=\u00bbdefault\u00bb gallery_ids=\u00bb1225,1226,1229,1230,1231,1232,1233,1234,1235,1236&#8243; show_title_and_caption=\u00bboff\u00bb hover_enabled=\u00bb0&#8243; sticky_enabled=\u00bb0&#8243;][\/et_pb_gallery][\/et_pb_column][\/et_pb_row][\/et_pb_section]<\/p>\n","protected":false},"excerpt":{"rendered":"<p>Exposici\u00f3n en Castro Urdiales del 4 de octubre al 3 de noviembre 2024 Una de nuestras labores m\u00e1s importantes es la de divulgar nuestra actividad lo m\u00e1ximo posible. En esta ocasi\u00f3n estaremos en Castro Urdiales mostrando nuestro proyecto de memoria local. La exposici\u00f3n se aloja en el Centro Cultural La Residencia, en la calle Mar\u00eda [&hellip;]<\/p>\n","protected":false},"author":3,"featured_media":485,"comment_status":"closed","ping_status":"closed","sticky":false,"template":"","format":"standard","meta":{"_et_pb_use_builder":"on","_et_pb_old_content":"","_et_gb_content_width":"","om_disable_all_campaigns":false,"_monsterinsights_skip_tracking":false,"_monsterinsights_sitenote_active":false,"_monsterinsights_sitenote_note":"","_monsterinsights_sitenote_category":0,"footnotes":""},"categories":[2,5],"tags":[8],"class_list":["post-86","post","type-post","status-publish","format-standard","has-post-thumbnail","hentry","category-colectivo-memoria-de-laredo","category-exposicion-cml","tag-castro-urdiales"],"aioseo_notices":[],"_links":{"self":[{"href":"https:\/\/memoriadelaredo.org\/index.php?rest_route=\/wp\/v2\/posts\/86","targetHints":{"allow":["GET"]}}],"collection":[{"href":"https:\/\/memoriadelaredo.org\/index.php?rest_route=\/wp\/v2\/posts"}],"about":[{"href":"https:\/\/memoriadelaredo.org\/index.php?rest_route=\/wp\/v2\/types\/post"}],"author":[{"embeddable":true,"href":"https:\/\/memoriadelaredo.org\/index.php?rest_route=\/wp\/v2\/users\/3"}],"replies":[{"embeddable":true,"href":"https:\/\/memoriadelaredo.org\/index.php?rest_route=%2Fwp%2Fv2%2Fcomments&post=86"}],"version-history":[{"count":2,"href":"https:\/\/memoriadelaredo.org\/index.php?rest_route=\/wp\/v2\/posts\/86\/revisions"}],"predecessor-version":[{"id":1238,"href":"https:\/\/memoriadelaredo.org\/index.php?rest_route=\/wp\/v2\/posts\/86\/revisions\/1238"}],"wp:featuredmedia":[{"embeddable":true,"href":"https:\/\/memoriadelaredo.org\/index.php?rest_route=\/wp\/v2\/media\/485"}],"wp:attachment":[{"href":"https:\/\/memoriadelaredo.org\/index.php?rest_route=%2Fwp%2Fv2%2Fmedia&parent=86"}],"wp:term":[{"taxonomy":"category","embeddable":true,"href":"https:\/\/memoriadelaredo.org\/index.php?rest_route=%2Fwp%2Fv2%2Fcategories&post=86"},{"taxonomy":"post_tag","embeddable":true,"href":"https:\/\/memoriadelaredo.org\/index.php?rest_route=%2Fwp%2Fv2%2Ftags&post=86"}],"curies":[{"name":"wp","href":"https:\/\/api.w.org\/{rel}","templated":true}]}}