{"id":916,"date":"2025-05-07T16:32:09","date_gmt":"2025-05-07T14:32:09","guid":{"rendered":"https:\/\/memoriadelaredo.org\/?p=916"},"modified":"2025-05-22T19:30:05","modified_gmt":"2025-05-22T17:30:05","slug":"homenaje-y-reconocimiento-a-las-victimas-del-exilio-ojebar-rasines-cantabria-mayo-2025","status":"publish","type":"post","link":"https:\/\/memoriadelaredo.org\/?p=916","title":{"rendered":"Homenaje y Reconocimiento a las V\u00edctimas del Exilio. Ojebar (Rasines. Cantabria) Mayo 2025"},"content":{"rendered":"<p>[et_pb_section fb_built=\u00bb1&#8243; _builder_version=\u00bb4.16&#8243; global_colors_info=\u00bb{}\u00bb][et_pb_row _builder_version=\u00bb4.16&#8243; background_size=\u00bbinitial\u00bb background_position=\u00bbtop_left\u00bb background_repeat=\u00bbrepeat\u00bb global_colors_info=\u00bb{}\u00bb][et_pb_column type=\u00bb4_4&#8243; _builder_version=\u00bb4.16&#8243; custom_padding=\u00bb|||\u00bb global_colors_info=\u00bb{}\u00bb custom_padding__hover=\u00bb|||\u00bb][et_pb_text _builder_version=\u00bb4.25.2&#8243; background_size=\u00bbinitial\u00bb background_position=\u00bbtop_left\u00bb background_repeat=\u00bbrepeat\u00bb global_colors_info=\u00bb{}\u00bb]<\/p>\n<p><img loading=\"lazy\" decoding=\"async\" class=\"size-full wp-image-917 alignleft\" src=\"https:\/\/memoriadelaredo.org\/wp-content\/uploads\/2025\/05\/placa.jpeg\" alt=\"\" width=\"231\" height=\"156\" \/>Para conmemorar esta fecha, la Delegaci\u00f3n del Gobierno de Cantabria, a propuesta del Colectivo Memoria de Laredo, realiza un Acto de Reconocimiento y Reparaci\u00f3n Personal a: ALFONSO MONTES MAZA asesinado en Gusen &#8211; Mauthausen FELISA MONTES MAZA exiliada a Francia que cumplir\u00e1 97 a\u00f1os. Poniendo en relieve el olvidado mundo del Exilio y la Deportaci\u00f3n rurales.<\/p>\n<p>[\/et_pb_text][et_pb_divider show_divider=\u00bboff\u00bb _builder_version=\u00bb4.25.2&#8243; _module_preset=\u00bbdefault\u00bb global_colors_info=\u00bb{}\u00bb][\/et_pb_divider][\/et_pb_column][\/et_pb_row][et_pb_row _builder_version=\u00bb4.16&#8243; background_size=\u00bbinitial\u00bb background_position=\u00bbtop_left\u00bb background_repeat=\u00bbrepeat\u00bb global_colors_info=\u00bb{}\u00bb][et_pb_column type=\u00bb4_4&#8243; _builder_version=\u00bb4.16&#8243; custom_padding=\u00bb|||\u00bb global_colors_info=\u00bb{}\u00bb custom_padding__hover=\u00bb|||\u00bb][et_pb_text _builder_version=\u00bb4.25.2&#8243; background_size=\u00bbinitial\u00bb background_position=\u00bbtop_left\u00bb background_repeat=\u00bbrepeat\u00bb global_colors_info=\u00bb{}\u00bb]<\/p>\n<h1>Intervenci\u00f3n del Colectivo Memoria de Laredo en el acto<\/h1>\n<p>Quiero mostrar nuestra satisfacci\u00f3n, la alegr\u00eda del Colectivo Memoria de Laredo por facilitar la celebraci\u00f3n de este Acto.<\/p>\n<p>Queremos agradecer al Secretario de Estado de Memoria Democr\u00e1tica, Fernando Mart\u00ednez L\u00f3pez, por su apoyo y presencia en este homenaje, gracias Fernando.<br \/>Agradecimiento a la Delegaci\u00f3n del Gobierno por creer en nuestro proyecto y aceptar la propuesta de celebrar este reconocimiento a v\u00edctimas del entorno rural, muchas veces silenciadas. Gracias Delegada, Eugenia G\u00f3mez de Diego y todo tu equipo, que nos hab\u00e9is tratado excelentemente.<br \/>No puedo olvidar agradecer tambi\u00e9n a la Directora General de Atenci\u00f3n de las V\u00edctimas del Ministerio, por su ayuda y complicidad con nuestra Asociaci\u00f3n. Gracias Zoraida.<br \/>Agradecimiento al Ayuntamiento de Rasines por su apoyo tambi\u00e9n y la colaboraci\u00f3n con todos sus medios en la preparaci\u00f3n del evento. Gracias Sergio.<\/p>\n<p>Y agradecer la presencia de las autoridades invitadas y el p\u00fablico que se ha sumado al acto y nos honra con su presencia,<br \/>Pero, por encima de todos y aunque no sea muy protocolario, quiero agradecer la presencia de los familiares de Felisa y Alfonso Montes Maza, que han venido de distintos puntos de la geograf\u00eda nacional y, especialmente a nuestra c\u00f3mplice en la realizaci\u00f3n de este acto que ha hecho, desde que tomamos contacto va a hacer ya tres a\u00f1os, de puente entre Felisa y la Asociaci\u00f3n y ha hecho un tremendo esfuerzo para estar entre nosotros este d\u00eda, acompa\u00f1ada de su esposo. Bienvenidos, Claudie y Bernard. Gracias por permitirnos disfrutar de vuestra presencia.<\/p>\n<h2><a href=\"https:\/\/memoriadelaredo.org\/wp-content\/uploads\/2025\/05\/Invitacion.png\"><img loading=\"lazy\" decoding=\"async\" class=\"alignright wp-image-969\" src=\"https:\/\/memoriadelaredo.org\/wp-content\/uploads\/2025\/05\/Invitacion.png\" alt=\"\" width=\"359\" height=\"205\" \/><\/a>Y \u00bfPor qu\u00e9 este acto? <br \/>\u00bfPor qu\u00e9 en Oj\u00e9bar?<\/h2>\n<p>Cuando en la Delegaci\u00f3n del Gobierno nos plantearon ideas para la celebraci\u00f3n del D\u00eda de Recuerdo y Homenaje de las V\u00edctimas del Exilio, que la Ley de Memoria Democr\u00e1tica, establece para el 8 de mayo y que en las CC.AA. nos vemos obligados a celebrar en una fecha pr\u00f3xima, para dejar el 8 para los actos del gobierno. Cuando se nos platearon propuestas, dec\u00eda, expresamos nuestra opini\u00f3n de que ese d\u00eda deb\u00eda estar ligado a reconocer a estas v\u00edctimas, exiliados vivos, que cada vez quedan menos y ligarlo tambi\u00e9n a la deportaci\u00f3n, consecuencia directa del obligado exilio para los defensores de la II Rep\u00fablica que pudieron huir a tiempo para eludir la represi\u00f3n que tra\u00edan los sublevados.<\/p>\n<p>Propusimos, tambi\u00e9n, rendir tributo a mujeres y hombres del mundo rural, tantas veces marginado. En nuestra propuesta se conjugaban exiliada y deportado, para el que propon\u00edamos la colocaci\u00f3n de una placa que recordara a un vecino asesinado en un campo de concentraci\u00f3n y nunca reconocido p\u00fablicamente, como la inmensa mayor\u00eda de ellos.<\/p>\n<p>Este pasado lunes se han cumplido 80 a\u00f1os de la liberaci\u00f3n por el ej\u00e9rcito americano del campo de concentraci\u00f3n y sus campos sat\u00e9lites, como fue Gusen.<\/p>\n<p>Once d\u00edas despu\u00e9s, el 16 de mayo, los supervivientes de los distintos pa\u00edses, ante el temor de que el resto de la humanidad no creyera lo que all\u00ed hab\u00eda sucedido o, no entendiendo el alcance real de ello, lo olvidara r\u00e1pidamente, firmaron un juramento por el que se compromet\u00edan a contar durante el resto de sus vidas, lo que hab\u00edan visto y sufrido, as\u00ed como a luchar contra la injusticia y por la solidaridad internacional.<\/p>\n<p>Alfonso Montes Maza, un joven de Oj\u00e9bar, comprometido con la II Rep\u00fablica a la que defendi\u00f3 hasta la ca\u00edda de Catalu\u00f1a, fue entregado a los alemanes en un Campo de Trabajo y deportado a Mauthausen.<\/p>\n<p>No fue liberado ni pudo firmar el juramento indicado, porque hab\u00eda sido asesinado el 10 de julio de 1942 en el subcampo de Gusen.<br \/>Felisa, la hermana menor, a la que estaba fuertemente unido y de la que era su padrino, sufri\u00f3 la p\u00e9rdida de su hermano compartiendo su sufrimiento y adopt\u00e1ndolo como propio, reivindicando la necesidad de reconocer a su hermano, con el mismo tes\u00f3n y fuerza que a los 8 a\u00f1os la llevaron a seguir a escondidas a sus padres, en la partida hacia el exilio, desde su localidad hasta ser descubierta al pasar la r\u00eda de Treto, siendo inviable su devoluci\u00f3n al tener las bombas a las espaldas.<\/p>\n<p>Felisa, de cuyos relatos a su hija Claudie, nos permitieron rehacer el ambiente de su casa durante la Rep\u00fablica al escribir la historia de los cuatro miembros exiliados de la familia, sus padres, hermano y ella misma.<\/p>\n<p>Casi tres a\u00f1os despu\u00e9s de haber tenido el privilegio del contacto a trav\u00e9s de tu hija y a pesar del l\u00f3gico deterioro del paso de los a\u00f1os, Felisa, has querido demostrar tu car\u00e1cter intentando desplazarte a este acto, hasta descubrir por ti misma que vives en una zona de dif\u00edciles comunicaciones para tu avanzada edad.<\/p>\n<p>Nuestra asociaci\u00f3n quiere compensarte ese tes\u00f3n con una obra del reconocido pintor c\u00e1ntabro Roberto Orallo, nieto tambi\u00e9n de exiliados, con una obra en la que plasma un barco camino de la costa francesa en un tranquilo tramo, nada comparable con la ca\u00f3tica salida desde Santander que tuviste que padecer con tus padres en aquel lejano agosto de 1937,<\/p>\n<p>[\/et_pb_text][et_pb_divider show_divider=\u00bboff\u00bb _builder_version=\u00bb4.25.2&#8243; _module_preset=\u00bbdefault\u00bb global_colors_info=\u00bb{}\u00bb][\/et_pb_divider][et_pb_gallery gallery_ids=\u00bb921,922,923,924,925,926,927,928,929,930,931,932,933,934,935,936,937,938,939,940,941,942,943,944,945,946,947,948,949,950,951,952,953,954,955,956,957,959,960,961,962,963&#8243; show_title_and_caption=\u00bboff\u00bb _builder_version=\u00bb4.25.2&#8243; _module_preset=\u00bbdefault\u00bb global_colors_info=\u00bb{}\u00bb][\/et_pb_gallery][\/et_pb_column][\/et_pb_row][et_pb_row _builder_version=\u00bb4.25.2&#8243; _module_preset=\u00bbdefault\u00bb global_colors_info=\u00bb{}\u00bb][et_pb_column type=\u00bb4_4&#8243; _builder_version=\u00bb4.25.2&#8243; _module_preset=\u00bbdefault\u00bb global_colors_info=\u00bb{}\u00bb][et_pb_video src=\u00bbhttps:\/\/youtu.be\/MctB8KBJsBQ\u00bb _builder_version=\u00bb4.25.2&#8243; _module_preset=\u00bbdefault\u00bb global_colors_info=\u00bb{}\u00bb][\/et_pb_video][\/et_pb_column][\/et_pb_row][\/et_pb_section]<\/p>\n","protected":false},"excerpt":{"rendered":"<p>Para conmemorar esta fecha, la Delegaci\u00f3n del Gobierno de Cantabria, a propuesta del Colectivo Memoria de Laredo, realiza un Acto de Reconocimiento y Reparaci\u00f3n Personal a: ALFONSO MONTES MAZA asesinado en Gusen &#8211; Mauthausen FELISA MONTES MAZA exiliada a Francia que cumplir\u00e1 97 a\u00f1os. Poniendo en relieve el olvidado mundo del Exilio y la Deportaci\u00f3n [&hellip;]<\/p>\n","protected":false},"author":3,"featured_media":973,"comment_status":"open","ping_status":"open","sticky":false,"template":"","format":"standard","meta":{"_et_pb_use_builder":"on","_et_pb_old_content":"<p><img class=\"size-full wp-image-917 alignright\" src=\"https:\/\/memoriadelaredo.org\/wp-content\/uploads\/2025\/05\/placa.jpeg\" alt=\"\" width=\"231\" height=\"156\" \/>Para conmemorar esta fecha, la Delegaci\u00f3n del Gobierno de Cantabria, a propuesta del Colectivo Memoria de Laredo, realiza un Acto de Reconocimiento y Reparaci\u00f3n Personal a: ALFONSO MONTES MAZA asesinado en Gusen - Mauthausen FELISA MONTES MAZA exiliada a Francia que cumplir\u00e1 97 a\u00f1os. Poniendo en relieve el olvidado mundo del Exilio y la Deportaci\u00f3n rurales.<\/p>","_et_gb_content_width":"","om_disable_all_campaigns":false,"_monsterinsights_skip_tracking":false,"_monsterinsights_sitenote_active":false,"_monsterinsights_sitenote_note":"","_monsterinsights_sitenote_category":0,"footnotes":""},"categories":[41],"tags":[37,36,38],"class_list":["post-916","post","type-post","status-publish","format-standard","has-post-thumbnail","hentry","category-homenajes","tag-exilio","tag-ojebar","tag-victimas"],"aioseo_notices":[],"_links":{"self":[{"href":"https:\/\/memoriadelaredo.org\/index.php?rest_route=\/wp\/v2\/posts\/916","targetHints":{"allow":["GET"]}}],"collection":[{"href":"https:\/\/memoriadelaredo.org\/index.php?rest_route=\/wp\/v2\/posts"}],"about":[{"href":"https:\/\/memoriadelaredo.org\/index.php?rest_route=\/wp\/v2\/types\/post"}],"author":[{"embeddable":true,"href":"https:\/\/memoriadelaredo.org\/index.php?rest_route=\/wp\/v2\/users\/3"}],"replies":[{"embeddable":true,"href":"https:\/\/memoriadelaredo.org\/index.php?rest_route=%2Fwp%2Fv2%2Fcomments&post=916"}],"version-history":[{"count":11,"href":"https:\/\/memoriadelaredo.org\/index.php?rest_route=\/wp\/v2\/posts\/916\/revisions"}],"predecessor-version":[{"id":974,"href":"https:\/\/memoriadelaredo.org\/index.php?rest_route=\/wp\/v2\/posts\/916\/revisions\/974"}],"wp:featuredmedia":[{"embeddable":true,"href":"https:\/\/memoriadelaredo.org\/index.php?rest_route=\/wp\/v2\/media\/973"}],"wp:attachment":[{"href":"https:\/\/memoriadelaredo.org\/index.php?rest_route=%2Fwp%2Fv2%2Fmedia&parent=916"}],"wp:term":[{"taxonomy":"category","embeddable":true,"href":"https:\/\/memoriadelaredo.org\/index.php?rest_route=%2Fwp%2Fv2%2Fcategories&post=916"},{"taxonomy":"post_tag","embeddable":true,"href":"https:\/\/memoriadelaredo.org\/index.php?rest_route=%2Fwp%2Fv2%2Ftags&post=916"}],"curies":[{"name":"wp","href":"https:\/\/api.w.org\/{rel}","templated":true}]}}